{"id":949,"date":"2019-03-03T22:33:21","date_gmt":"2019-03-03T22:33:21","guid":{"rendered":"https:\/\/sindica.com.br\/site\/?p=949"},"modified":"2019-03-03T23:23:03","modified_gmt":"2019-03-03T23:23:03","slug":"curso-de-brigada-de-incendio-3","status":"publish","type":"post","link":"https:\/\/sindica.com.br\/site\/curso-de-brigada-de-incendio-3\/","title":{"rendered":"CURSO DE BRIGADA DE INC\u00caNDIO"},"content":{"rendered":"<p>Data: 08 e 10 de novembro de 2016<\/p>\n<p>Tema: Capacita\u00e7\u00e3o de brigadistas para atuar na preven\u00e7\u00e3o, abandono e combate a princ\u00edpio de inc\u00eandios, al\u00e9m do socorro \u00e0s v\u00edtimas.<\/p>\n\n\t\t<style type=\"text\/css\">\n\t\t\t#gallery-1 {\n\t\t\t\tmargin: auto;\n\t\t\t}\n\t\t\t#gallery-1 .gallery-item {\n\t\t\t\tfloat: left;\n\t\t\t\tmargin-top: 10px;\n\t\t\t\ttext-align: center;\n\t\t\t\twidth: 33%;\n\t\t\t}\n\t\t\t#gallery-1 img {\n\t\t\t\tborder: 2px solid #cfcfcf;\n\t\t\t}\n\t\t\t#gallery-1 .gallery-caption {\n\t\t\t\tmargin-left: 0;\n\t\t\t}\n\t\t\t\/* see gallery_shortcode() in wp-includes\/media.php *\/\n\t\t<\/style>\n\t\t<div id='gallery-1' class='gallery galleryid-949 gallery-columns-3 gallery-size-medium'><dl class='gallery-item'>\n\t\t\t<dt class='gallery-icon landscape'>\n\t\t\t\t<a href='https:\/\/sindica.com.br\/site\/eventos\/img-20161111-wa0006\/'><img width=\"300\" height=\"225\" src=\"https:\/\/sindica.com.br\/site\/wp-content\/uploads\/2014\/10\/IMG-20161111-WA0006-300x225.jpg\" class=\"attachment-medium size-medium\" alt=\"\" decoding=\"async\" loading=\"lazy\" srcset=\"https:\/\/sindica.com.br\/site\/wp-content\/uploads\/2014\/10\/IMG-20161111-WA0006-300x225.jpg 300w, https:\/\/sindica.com.br\/site\/wp-content\/uploads\/2014\/10\/IMG-20161111-WA0006.jpg 800w\" sizes=\"(max-width: 300px) 100vw, 300px\" \/><\/a>\n\t\t\t<\/dt><\/dl><dl class='gallery-item'>\n\t\t\t<dt class='gallery-icon portrait'>\n\t\t\t\t<a href='https:\/\/sindica.com.br\/site\/eventos\/img-20161111-wa0005\/'><img width=\"225\" height=\"300\" src=\"https:\/\/sindica.com.br\/site\/wp-content\/uploads\/2014\/10\/IMG-20161111-WA0005-225x300.jpg\" class=\"attachment-medium size-medium\" alt=\"\" decoding=\"async\" loading=\"lazy\" srcset=\"https:\/\/sindica.com.br\/site\/wp-content\/uploads\/2014\/10\/IMG-20161111-WA0005-225x300.jpg 225w, https:\/\/sindica.com.br\/site\/wp-content\/uploads\/2014\/10\/IMG-20161111-WA0005.jpg 600w\" sizes=\"(max-width: 225px) 100vw, 225px\" \/><\/a>\n\t\t\t<\/dt><\/dl><dl class='gallery-item'>\n\t\t\t<dt class='gallery-icon landscape'>\n\t\t\t\t<a href='https:\/\/sindica.com.br\/site\/eventos\/img_1478978327040\/'><img width=\"300\" height=\"225\" src=\"https:\/\/sindica.com.br\/site\/wp-content\/uploads\/2014\/10\/img_1478978327040-300x225.jpg\" class=\"attachment-medium size-medium\" alt=\"\" decoding=\"async\" loading=\"lazy\" srcset=\"https:\/\/sindica.com.br\/site\/wp-content\/uploads\/2014\/10\/img_1478978327040-300x225.jpg 300w, https:\/\/sindica.com.br\/site\/wp-content\/uploads\/2014\/10\/img_1478978327040.jpg 800w\" sizes=\"(max-width: 300px) 100vw, 300px\" \/><\/a>\n\t\t\t<\/dt><\/dl><br style=\"clear: both\" \/><dl class='gallery-item'>\n\t\t\t<dt class='gallery-icon landscape'>\n\t\t\t\t<a href='https:\/\/sindica.com.br\/site\/eventos\/img-20161111-wa00011\/'><img width=\"300\" height=\"168\" src=\"https:\/\/sindica.com.br\/site\/wp-content\/uploads\/2014\/10\/IMG-20161111-WA00011-300x168.jpg\" class=\"attachment-medium size-medium\" alt=\"\" decoding=\"async\" loading=\"lazy\" srcset=\"https:\/\/sindica.com.br\/site\/wp-content\/uploads\/2014\/10\/IMG-20161111-WA00011-300x168.jpg 300w, https:\/\/sindica.com.br\/site\/wp-content\/uploads\/2014\/10\/IMG-20161111-WA00011.jpg 800w\" sizes=\"(max-width: 300px) 100vw, 300px\" \/><\/a>\n\t\t\t<\/dt><\/dl><dl class='gallery-item'>\n\t\t\t<dt class='gallery-icon landscape'>\n\t\t\t\t<a href='https:\/\/sindica.com.br\/site\/eventos\/img_1478978104799\/'><img width=\"300\" height=\"225\" src=\"https:\/\/sindica.com.br\/site\/wp-content\/uploads\/2014\/10\/img_1478978104799-300x225.jpg\" class=\"attachment-medium size-medium\" alt=\"\" decoding=\"async\" loading=\"lazy\" srcset=\"https:\/\/sindica.com.br\/site\/wp-content\/uploads\/2014\/10\/img_1478978104799-300x225.jpg 300w, https:\/\/sindica.com.br\/site\/wp-content\/uploads\/2014\/10\/img_1478978104799.jpg 800w\" sizes=\"(max-width: 300px) 100vw, 300px\" \/><\/a>\n\t\t\t<\/dt><\/dl><dl class='gallery-item'>\n\t\t\t<dt class='gallery-icon landscape'>\n\t\t\t\t<a href='https:\/\/sindica.com.br\/site\/eventos\/img_1478977936175\/'><img width=\"300\" height=\"225\" src=\"https:\/\/sindica.com.br\/site\/wp-content\/uploads\/2014\/10\/img_1478977936175-300x225.jpg\" class=\"attachment-medium size-medium\" alt=\"\" decoding=\"async\" loading=\"lazy\" srcset=\"https:\/\/sindica.com.br\/site\/wp-content\/uploads\/2014\/10\/img_1478977936175-300x225.jpg 300w, https:\/\/sindica.com.br\/site\/wp-content\/uploads\/2014\/10\/img_1478977936175.jpg 800w\" sizes=\"(max-width: 300px) 100vw, 300px\" \/><\/a>\n\t\t\t<\/dt><\/dl><br style=\"clear: both\" \/>\n\t\t<\/div>\n\n","protected":false},"excerpt":{"rendered":"<p>Data: 08 e 10 de novembro de 2016 Tema: Capacita\u00e7\u00e3o de brigadistas para atuar na preven\u00e7\u00e3o, abandono e combate a princ\u00edpio de inc\u00eandios, al\u00e9m do socorro \u00e0s v\u00edtimas.<\/p>\n","protected":false},"author":1,"featured_media":707,"comment_status":"open","ping_status":"open","sticky":false,"template":"","format":"standard","meta":[],"categories":[4],"tags":[],"_links":{"self":[{"href":"https:\/\/sindica.com.br\/site\/wp-json\/wp\/v2\/posts\/949"}],"collection":[{"href":"https:\/\/sindica.com.br\/site\/wp-json\/wp\/v2\/posts"}],"about":[{"href":"https:\/\/sindica.com.br\/site\/wp-json\/wp\/v2\/types\/post"}],"author":[{"embeddable":true,"href":"https:\/\/sindica.com.br\/site\/wp-json\/wp\/v2\/users\/1"}],"replies":[{"embeddable":true,"href":"https:\/\/sindica.com.br\/site\/wp-json\/wp\/v2\/comments?post=949"}],"version-history":[{"count":2,"href":"https:\/\/sindica.com.br\/site\/wp-json\/wp\/v2\/posts\/949\/revisions"}],"predecessor-version":[{"id":973,"href":"https:\/\/sindica.com.br\/site\/wp-json\/wp\/v2\/posts\/949\/revisions\/973"}],"wp:featuredmedia":[{"embeddable":true,"href":"https:\/\/sindica.com.br\/site\/wp-json\/wp\/v2\/media\/707"}],"wp:attachment":[{"href":"https:\/\/sindica.com.br\/site\/wp-json\/wp\/v2\/media?parent=949"}],"wp:term":[{"taxonomy":"category","embeddable":true,"href":"https:\/\/sindica.com.br\/site\/wp-json\/wp\/v2\/categories?post=949"},{"taxonomy":"post_tag","embeddable":true,"href":"https:\/\/sindica.com.br\/site\/wp-json\/wp\/v2\/tags?post=949"}],"curies":[{"name":"wp","href":"https:\/\/api.w.org\/{rel}","templated":true}]}}